{"id":433,"date":"2013-06-01T17:33:00","date_gmt":"2013-06-01T17:33:00","guid":{"rendered":"http:\/\/s522822451.online.de\/dankeschoen-des-jugendfussballs"},"modified":"2013-06-01T17:33:00","modified_gmt":"2013-06-01T17:33:00","slug":"dankeschoen-des-jugendfussballs","status":"publish","type":"post","link":"https:\/\/tsv-opfenbach.de\/?p=433","title":{"rendered":"Dankesch\u00f6n des Jugendfu\u00dfballs"},"content":{"rendered":"<div style=\"clear: both; text-align: center;\"><\/div>\n<div style=\"text-align: justify;\"><span style=\"font-family: arial, helvetica, sans-serif; text-align: -webkit-auto;\">Wir m\u00f6chten &nbsp;uns recht herzlich bei der <b>Firma Daeges<\/b> bedanken,&nbsp;die uns bei der Ausr\u00fcstung unserer Jugendabteilung mit&nbsp;neuen Trainingsanz\u00fcgen so&nbsp;gro\u00dfartig unterst\u00fctzt hat.<\/span><\/div>\n<div style=\"text-align: justify;\"><span style=\"font-family: arial, helvetica, sans-serif; text-align: -webkit-auto;\"><br \/><\/span><\/div>\n<div style=\"text-align: justify;\"><span style=\"font-family: arial, helvetica, sans-serif; text-align: -webkit-auto;\"><br \/><\/span><\/div>\n<p><span style=\"font-family: arial, helvetica, sans-serif; text-align: -webkit-auto;\"><\/p>\n<div style=\"text-align: justify;\">Die Jugendfu\u00dfballer<\/div>\n<p><\/span><\/p>\n<div style=\"clear: both; text-align: center;\"><\/div>\n<div style=\"clear: both; text-align: center;\"><a href=\"http:\/\/3.bp.blogspot.com\/-CFPeeYe1sNw\/UaovZoJVuYI\/AAAAAAAAEnc\/ZaLusuWz8bM\/s1600\/F-BambibiBild.JPG\" style=\"margin-left: 1em; margin-right: 1em;\"><img fetchpriority=\"high\" decoding=\"async\" border=\"0\" height=\"480\" src=\"http:\/\/3.bp.blogspot.com\/-CFPeeYe1sNw\/UaovZoJVuYI\/AAAAAAAAEnc\/ZaLusuWz8bM\/s640\/F-BambibiBild.JPG\" width=\"640\" \/><\/a><\/div>\n<p><\/p>\n","protected":false},"excerpt":{"rendered":"<p>Wir m\u00f6chten &nbsp;uns recht herzlich bei der Firma Daeges bedanken,&nbsp;die uns bei der Ausr\u00fcstung unserer Jugendabteilung mit&nbsp;neuen Trainingsanz\u00fcgen so&nbsp;gro\u00dfartig unterst\u00fctzt hat. Die Jugendfu\u00dfballer<\/p>\n","protected":false},"author":1,"featured_media":0,"comment_status":"open","ping_status":"open","sticky":false,"template":"","format":"standard","meta":{"ngg_post_thumbnail":0,"footnotes":""},"categories":[1],"tags":[],"class_list":["post-433","post","type-post","status-publish","format-standard","hentry","category-uncategorized"],"_links":{"self":[{"href":"https:\/\/tsv-opfenbach.de\/index.php?rest_route=\/wp\/v2\/posts\/433","targetHints":{"allow":["GET"]}}],"collection":[{"href":"https:\/\/tsv-opfenbach.de\/index.php?rest_route=\/wp\/v2\/posts"}],"about":[{"href":"https:\/\/tsv-opfenbach.de\/index.php?rest_route=\/wp\/v2\/types\/post"}],"author":[{"embeddable":true,"href":"https:\/\/tsv-opfenbach.de\/index.php?rest_route=\/wp\/v2\/users\/1"}],"replies":[{"embeddable":true,"href":"https:\/\/tsv-opfenbach.de\/index.php?rest_route=%2Fwp%2Fv2%2Fcomments&post=433"}],"version-history":[{"count":0,"href":"https:\/\/tsv-opfenbach.de\/index.php?rest_route=\/wp\/v2\/posts\/433\/revisions"}],"wp:attachment":[{"href":"https:\/\/tsv-opfenbach.de\/index.php?rest_route=%2Fwp%2Fv2%2Fmedia&parent=433"}],"wp:term":[{"taxonomy":"category","embeddable":true,"href":"https:\/\/tsv-opfenbach.de\/index.php?rest_route=%2Fwp%2Fv2%2Fcategories&post=433"},{"taxonomy":"post_tag","embeddable":true,"href":"https:\/\/tsv-opfenbach.de\/index.php?rest_route=%2Fwp%2Fv2%2Ftags&post=433"}],"curies":[{"name":"wp","href":"https:\/\/api.w.org\/{rel}","templated":true}]}}