{"id":1917,"date":"2022-03-23T22:45:56","date_gmt":"2022-03-23T21:45:56","guid":{"rendered":"http:\/\/tsv-opfenbach.de\/?p=1917"},"modified":"2022-03-23T22:45:56","modified_gmt":"2022-03-23T21:45:56","slug":"werbung-opfenbacher-polkafruehstueck","status":"publish","type":"post","link":"https:\/\/tsv-opfenbach.de\/?p=1917","title":{"rendered":"Werbung :) Opfenbacher Polkafr\u00fchst\u00fcck"},"content":{"rendered":"\n<p>Liebe Blasmusikfreunde,\u00a0wir laden ein zu unserem<strong>\u00a0Opfenbacher Polkafr\u00fchst\u00fcck\u00a0<\/strong>am\u00a0<strong>Sonntag, den 27.03.2022ab 10:00 Uhr<\/strong>\u00a0im\u00a0<strong>Kultur- und Sportzentrum Opfenbach<\/strong>.\u00a0Ihr k\u00f6nnt dabei zwischen Fr\u00fchst\u00fcck oder Fr\u00fchschoppen entscheiden \u2013 ganz wie es Euch beliebt. Ihr habt also die Qual der Wahl: Croissant und Kaffee oder Wei\u00dfwurst mit Bier &#8211; zu Polka- und Marschmusik schmeckt beides<strong>.\u00a0<\/strong>In unserem abwechslungsreichen musikalischen Programm k\u00f6nnt Ihr Euch von Polka, Marsch- und Walzermusik verw\u00f6hnen lassen.\u00a0\u00a0\u00a0\u00a0\u00a0\u00a0\u00a0\u00a0\u00a0Auf Euren Besuch freut sich die<strong>Musikkapelle Opfenbach 1785 e.V.Freier Eintritt<\/strong>\u00a0&#8230; Einlass mit\u00a0<strong>3G<\/strong>,\u00a0<strong>Maskenpflicht bis zum Platz<\/strong>.<\/p>\n\n\n\n<figure class=\"wp-block-image size-full\"><img fetchpriority=\"high\" decoding=\"async\" width=\"452\" height=\"640\" src=\"https:\/\/tsv-opfenbach.de\/wp-content\/uploads\/2022\/03\/Plakat_MVO_Polka_2022_A4.jpeg\" alt=\"\" class=\"wp-image-1918\" srcset=\"https:\/\/tsv-opfenbach.de\/wp-content\/uploads\/2022\/03\/Plakat_MVO_Polka_2022_A4.jpeg 452w, https:\/\/tsv-opfenbach.de\/wp-content\/uploads\/2022\/03\/Plakat_MVO_Polka_2022_A4-212x300.jpeg 212w\" sizes=\"(max-width: 452px) 100vw, 452px\" \/><\/figure>\n","protected":false},"excerpt":{"rendered":"<p>Liebe Blasmusikfreunde,\u00a0wir laden ein zu unserem\u00a0Opfenbacher Polkafr\u00fchst\u00fcck\u00a0am\u00a0Sonntag, den 27.03.2022ab 10:00 Uhr\u00a0im\u00a0Kultur- und Sportzentrum Opfenbach.\u00a0Ihr k\u00f6nnt dabei zwischen Fr\u00fchst\u00fcck oder Fr\u00fchschoppen entscheiden \u2013 ganz wie es Euch beliebt. Ihr habt also die Qual der Wahl: Croissant und Kaffee oder Wei\u00dfwurst mit Bier &#8211; zu Polka- und Marschmusik schmeckt beides.\u00a0In unserem abwechslungsreichen musikalischen Programm k\u00f6nnt Ihr Euch &hellip; <\/p>\n<p class=\"link-more\"><a href=\"https:\/\/tsv-opfenbach.de\/?p=1917\" class=\"more-link\"><span class=\"screen-reader-text\">\u201eWerbung \ud83d\ude42 Opfenbacher Polkafr\u00fchst\u00fcck\u201c <\/span>weiterlesen<\/a><\/p>\n","protected":false},"author":1,"featured_media":0,"comment_status":"open","ping_status":"open","sticky":false,"template":"","format":"standard","meta":{"ngg_post_thumbnail":0,"footnotes":""},"categories":[1],"tags":[],"class_list":["post-1917","post","type-post","status-publish","format-standard","hentry","category-uncategorized"],"_links":{"self":[{"href":"https:\/\/tsv-opfenbach.de\/index.php?rest_route=\/wp\/v2\/posts\/1917","targetHints":{"allow":["GET"]}}],"collection":[{"href":"https:\/\/tsv-opfenbach.de\/index.php?rest_route=\/wp\/v2\/posts"}],"about":[{"href":"https:\/\/tsv-opfenbach.de\/index.php?rest_route=\/wp\/v2\/types\/post"}],"author":[{"embeddable":true,"href":"https:\/\/tsv-opfenbach.de\/index.php?rest_route=\/wp\/v2\/users\/1"}],"replies":[{"embeddable":true,"href":"https:\/\/tsv-opfenbach.de\/index.php?rest_route=%2Fwp%2Fv2%2Fcomments&post=1917"}],"version-history":[{"count":1,"href":"https:\/\/tsv-opfenbach.de\/index.php?rest_route=\/wp\/v2\/posts\/1917\/revisions"}],"predecessor-version":[{"id":1919,"href":"https:\/\/tsv-opfenbach.de\/index.php?rest_route=\/wp\/v2\/posts\/1917\/revisions\/1919"}],"wp:attachment":[{"href":"https:\/\/tsv-opfenbach.de\/index.php?rest_route=%2Fwp%2Fv2%2Fmedia&parent=1917"}],"wp:term":[{"taxonomy":"category","embeddable":true,"href":"https:\/\/tsv-opfenbach.de\/index.php?rest_route=%2Fwp%2Fv2%2Fcategories&post=1917"},{"taxonomy":"post_tag","embeddable":true,"href":"https:\/\/tsv-opfenbach.de\/index.php?rest_route=%2Fwp%2Fv2%2Ftags&post=1917"}],"curies":[{"name":"wp","href":"https:\/\/api.w.org\/{rel}","templated":true}]}}